{"id":187,"date":"2012-11-08T17:32:33","date_gmt":"2012-11-08T15:32:33","guid":{"rendered":"http:\/\/das-richtige-im-falschen.de\/?p=187"},"modified":"2012-11-13T14:17:07","modified_gmt":"2012-11-13T12:17:07","slug":"2-tag-chinese-works","status":"publish","type":"post","link":"https:\/\/das-richtige-im-falschen.de\/?p=187","title":{"rendered":"2. Tag Chinese works"},"content":{"rendered":"<p>Der Tag begann mit einer Einladung beim regionalen Gewerkschaftsbund, der uns sein Zentrum zeigte. Ein beeindruckender Bau, der ein wenig 70er Jahre Charme verspr\u00fchte, aber erst sechs Jahre auf dem Buckel hatte. Dort war von Arbeits- und Sozialamt\u00a0\u00fcber Kultureinrichtungen bis hin zum Fitnesszentrum alles versammelt, was dem und der Werkt\u00e4tigen nutzt. Man darf halt wirklich nicht vergessen, das es eine Gewerkschaft in einem kommunistischen Land ist.<\/p>\n<div id=\"attachment_241\" style=\"width: 310px\" class=\"wp-caption alignright\"><a href=\"http:\/\/das-richtige-im-falschen.de\/wp-content\/uploads\/2012\/11\/P1010018.jpg\"><img loading=\"lazy\" decoding=\"async\" aria-describedby=\"caption-attachment-241\" class=\"size-medium wp-image-241\" title=\"OLYMPUS DIGITAL CAMERA\" src=\"http:\/\/das-richtige-im-falschen.de\/wp-content\/uploads\/2012\/11\/P1010018-300x224.jpg\" alt=\"\" width=\"300\" height=\"224\" srcset=\"https:\/\/das-richtige-im-falschen.de\/wp-content\/uploads\/2012\/11\/P1010018-300x224.jpg 300w, https:\/\/das-richtige-im-falschen.de\/wp-content\/uploads\/2012\/11\/P1010018-1024x768.jpg 1024w, https:\/\/das-richtige-im-falschen.de\/wp-content\/uploads\/2012\/11\/P1010018-400x300.jpg 400w\" sizes=\"auto, (max-width: 300px) 100vw, 300px\" \/><\/a><p id=\"caption-attachment-241\" class=\"wp-caption-text\">Der Eingangsbereich des Gewerkschaftszentrum in Chengdu<\/p><\/div>\n<p>Die Ausdifferenzierung in Sozialverwaltung und gewerkschaftlicher Interessenvertretung, die sich bei uns in Europa schon fr\u00fch ergeben hat, ist hier obsolet, weil sich die Frage, wer wessen Interessen gegen wen vertritt, ja schwierig gestaltet, wenn die Werkt\u00e4tigen wenigstens formal selber ueber die Produktionsmittel verf\u00fcgen k\u00f6nnen. \u00e4h bzw. ihre Partei&#8230; Folglich f\u00fcllen die Gewerkschaften in China den Interessensvertretungsanspruch eher konkret aus, was von Ferienhilfswerk bis Tanzkurs reicht und weniger im Sinne einer politischen Interessenvertretung wie die deutschen Gewerkschaften funktioniert.<\/p>\n<p>Aber da die Privatisierung weiter voranschreitet, wird sich eine politische Interessenvertretung der ArbeitnehmerInnen wohl aufdr\u00e4ngen, und das sowohl vor dem Hintergrund des Entstehens aufgekl\u00e4rter Mittelschichten, die Teilhabe und Beteiligung einfordern, als auch deshalb, weil die chinesischen Gewerkschaftsfunktion\u00e4re als geschulte Kader sehr wohl in der Lage sind bestimmte Notwendigkeiten zu begreifen. Das sind ja auch Marxisten!<\/p>\n<p>Inhaltlich gings bei dem Termin dann eigentlich genau darum. Wie kann sich eine sozialistische Massenorganisation wie eine Gewerkschaft an die Kampfbedingungen im Kapitalismus anpassen ohne zu ignorieren, dass die Partei immer noch was zu sagen hat. Das ist eine schwierig Aufgabe und die KollegInnen sind wirklich nicht zu beneiden. Sch\u00f6n und ehrenvoll aber, dass sie das deutsche Mitbestimmungsmodell fuer einen guten Weg halten, weil uns &#8211; als deutschen GewerkschafterInnen &#8211; keine Partei was zu sagen hat!<\/p>\n<p>Anschliessend gings in ein archaeologisches Museum, dass die Produktionsvergangenheit der Region bis 3000 v. Chr. herausarbeitet und das wirklich gut. Insgesamt hatte ich den Eindruck, dass die Chinesen aus dieser langen Kulturgeschichte eine andere Kontinuit\u00e4t ziehen, als wir Europ\u00e4er. Die alten R\u00f6mer und Griechen sind Gegenstand des Geschichtsunterricht. Gut, aber die Konstruktion des Ichs aus dieser Traditionslinie findet doch eher selten statt, oder? In China hab ich das anders wahrgenommen.<\/p>\n<div id=\"attachment_237\" style=\"width: 310px\" class=\"wp-caption alignleft\"><a href=\"http:\/\/das-richtige-im-falschen.de\/wp-content\/uploads\/2012\/11\/P10100561.jpg\"><img loading=\"lazy\" decoding=\"async\" aria-describedby=\"caption-attachment-237\" class=\"size-medium wp-image-237\" title=\"OLYMPUS DIGITAL CAMERA\" src=\"http:\/\/das-richtige-im-falschen.de\/wp-content\/uploads\/2012\/11\/P10100561-300x224.jpg\" alt=\"\" width=\"300\" height=\"224\" srcset=\"https:\/\/das-richtige-im-falschen.de\/wp-content\/uploads\/2012\/11\/P10100561-300x224.jpg 300w, https:\/\/das-richtige-im-falschen.de\/wp-content\/uploads\/2012\/11\/P10100561-1024x768.jpg 1024w, https:\/\/das-richtige-im-falschen.de\/wp-content\/uploads\/2012\/11\/P10100561-400x300.jpg 400w\" sizes=\"auto, (max-width: 300px) 100vw, 300px\" \/><\/a><p id=\"caption-attachment-237\" class=\"wp-caption-text\">Feuertopf a la Sichuan<\/p><\/div>\n<p>Danach gings zum Mittagessen und es gab eine regionale Spezialit\u00e4t:<br \/>\nFeuertopf a la Sichuan! ein sch\u00f6nscharfes Fondue, wo die Chilis bis zum Rand in den Topf gestapelt werden, mit Br\u00fche aufgegossen wird und man dann, eben\u00a0wie beim Fondue, sein Gem\u00fcse aller Arten, Pilze aller Arten, Fleisch und Fisch in der Br\u00fche gart! H\u00e4rrlisch.<\/p>\n<p>Nachmittags stand eine Werksbesichtigung bei einem deutsch-chinesischen Joint Venture an. Naja, dachte ich im Vorfeld, wird wohl das ausgelutschte Equipement aus Germany mit einem altbackenen Produkt sein. Fehler. Weltweite Konzernstandards bis hin zu den Warnhinweisen der Arbeitssicherheit und ein Produkt, das f\u00fcr den Markt mehr als taugt, weil sich auch das Anspruchsniveau chinesischer Kunden globalisiert hat, sprich h\u00f6her geworden ist. Qualit\u00e4tsm\u00e4ssig gibts f\u00fcr den Standort Deutschland noch leichte Vorteile, aber sie arbeiten dran&#8230;<br \/>\nEs dr\u00e4ngt sich eh die ganze Zeit schon der Eindruck auf, dass es Zeit wird die koloniale Brille abzulegen und sich bewusst zu machen, dass China auf Augenh\u00f6he ist. In dem Zusammenhang ist vielleicht auch interessant &#8211; und das nicht nur als Anekdote am Rande &#8211; , dass es mexikanische KollegInnen waren, die den chinesischen Neueinstellungen zeigten, wie am neuen Band zu arbeiten ist&#8230;<\/p>\n<div id=\"attachment_238\" style=\"width: 310px\" class=\"wp-caption alignright\"><a href=\"http:\/\/das-richtige-im-falschen.de\/wp-content\/uploads\/2012\/11\/P1010070.jpg\"><img loading=\"lazy\" decoding=\"async\" aria-describedby=\"caption-attachment-238\" class=\"size-medium wp-image-238\" title=\"OLYMPUS DIGITAL CAMERA\" src=\"http:\/\/das-richtige-im-falschen.de\/wp-content\/uploads\/2012\/11\/P1010070-300x224.jpg\" alt=\"\" width=\"300\" height=\"224\" srcset=\"https:\/\/das-richtige-im-falschen.de\/wp-content\/uploads\/2012\/11\/P1010070-300x224.jpg 300w, https:\/\/das-richtige-im-falschen.de\/wp-content\/uploads\/2012\/11\/P1010070-1024x768.jpg 1024w, https:\/\/das-richtige-im-falschen.de\/wp-content\/uploads\/2012\/11\/P1010070-400x300.jpg 400w\" sizes=\"auto, (max-width: 300px) 100vw, 300px\" \/><\/a><p id=\"caption-attachment-238\" class=\"wp-caption-text\">Die Jarama-Front auf Chinesisch<\/p><\/div>\n<p>Mit den Erkenntnissen im Kopf ging es zum Abendessen in ein sehr popul\u00e4res Restaurant mit Live-Musik. Erste weitere Erkenntnis des Abends war die, dass die chinesischen Restaurants in Deutschland nicht wegen den verfressenen Deutschen so oft Buffet anbieten, sondern weil sie in China das Buffet quasi tischweise\u00a0auf einem sehr interessanten Drehteller anrichten, wo die ganze Chose von Hand rumgeschoben wird. Sehr nett. Dabei kommen je nach Mannschaftsst\u00e4rke schnell zehn, f\u00fcnfzehn Gerichte zusammen, was die kulinarische Exploration nat\u00fcrlich erleichtert.<\/p>\n<p>Das Zweite, wirklich Berkenswerte und Ber\u00fchrende, war keine weitere Erleuchtung, sondern der Punkt in der Volksrepublik China im Restaurant zu hocken und die Band mit ihren traditionellen Instrumenten das Lied von der Jarama-Front spielen zu h\u00f6ren. Da kann einem ja schonmal warm ums Herz werden, oder?<\/p>\n","protected":false},"excerpt":{"rendered":"<p>Der Tag begann mit einer Einladung beim regionalen Gewerkschaftsbund, der uns sein Zentrum zeigte. Ein beeindruckender Bau, der ein wenig 70er Jahre Charme verspr\u00fchte, aber erst sechs Jahre auf dem Buckel hatte. Dort war von Arbeits- und Sozialamt\u00a0\u00fcber Kultureinrichtungen bis &hellip; <a href=\"https:\/\/das-richtige-im-falschen.de\/?p=187\">Weiterlesen <span class=\"meta-nav\">&rarr;<\/span><\/a><\/p>\n","protected":false},"author":1,"featured_media":0,"comment_status":"open","ping_status":"open","sticky":false,"template":"","format":"standard","meta":{"footnotes":""},"categories":[10],"tags":[],"class_list":["post-187","post","type-post","status-publish","format-standard","hentry","category-china-impressionen"],"jetpack_featured_media_url":"","_links":{"self":[{"href":"https:\/\/das-richtige-im-falschen.de\/index.php?rest_route=\/wp\/v2\/posts\/187","targetHints":{"allow":["GET"]}}],"collection":[{"href":"https:\/\/das-richtige-im-falschen.de\/index.php?rest_route=\/wp\/v2\/posts"}],"about":[{"href":"https:\/\/das-richtige-im-falschen.de\/index.php?rest_route=\/wp\/v2\/types\/post"}],"author":[{"embeddable":true,"href":"https:\/\/das-richtige-im-falschen.de\/index.php?rest_route=\/wp\/v2\/users\/1"}],"replies":[{"embeddable":true,"href":"https:\/\/das-richtige-im-falschen.de\/index.php?rest_route=%2Fwp%2Fv2%2Fcomments&post=187"}],"version-history":[{"count":13,"href":"https:\/\/das-richtige-im-falschen.de\/index.php?rest_route=\/wp\/v2\/posts\/187\/revisions"}],"predecessor-version":[{"id":274,"href":"https:\/\/das-richtige-im-falschen.de\/index.php?rest_route=\/wp\/v2\/posts\/187\/revisions\/274"}],"wp:attachment":[{"href":"https:\/\/das-richtige-im-falschen.de\/index.php?rest_route=%2Fwp%2Fv2%2Fmedia&parent=187"}],"wp:term":[{"taxonomy":"category","embeddable":true,"href":"https:\/\/das-richtige-im-falschen.de\/index.php?rest_route=%2Fwp%2Fv2%2Fcategories&post=187"},{"taxonomy":"post_tag","embeddable":true,"href":"https:\/\/das-richtige-im-falschen.de\/index.php?rest_route=%2Fwp%2Fv2%2Ftags&post=187"}],"curies":[{"name":"wp","href":"https:\/\/api.w.org\/{rel}","templated":true}]}}