{"id":1121,"date":"2026-01-21T13:35:37","date_gmt":"2026-01-21T11:35:37","guid":{"rendered":"https:\/\/das-richtige-im-falschen.de\/?p=1121"},"modified":"2026-01-26T09:50:44","modified_gmt":"2026-01-26T07:50:44","slug":"betriebsratswahlen-2026-in-der-hoehle-des-loewen","status":"publish","type":"post","link":"https:\/\/das-richtige-im-falschen.de\/?p=1121","title":{"rendered":"Betriebsratswahlen 2026: In der H\u00f6hle des L\u00f6wen"},"content":{"rendered":"\n<p>Die Betriebe sind Orte des Wirtschaftens, und in dem Gesellschaftssystem in dem wir leben, sind es eben Orte des kapitalistischen Wirtschaftens. Dieses System zeichnet sich durch die Freiheit aus, durch die Ausbeutung anderer und die Aneignung deren Arbeit Wohlstand anzuh\u00e4ufen.<\/p>\n\n\n\n<p>Diese Freiheit ist keine Freiheit, die den oder die Andere auf Augenh\u00f6he akzeptiert. Sie instrumentalisiert und \u00f6konomisiert jede Form des Seins, was nicht unwesentlich zur Klimakrise und zur Ressourcenknappheit beigetragen hat, genauso wie auch die Zunahme berufsbedingter psychischer Erkrankungen, was durchaus als Ausdruck dieser Durch\u00f6konomisierung von K\u00f6rpern und Geist gelesen werden kann.<\/p>\n\n\n\n<figure class=\"wp-block-image\"><img decoding=\"async\" src=\"https:\/\/das-richtige-im-falschen.de\/wp-content\/uploads\/2026\/01\/P1100385-1024x768.jpg\" alt=\"Das aktuelle Bild hat keinen Alternativtext. Der Dateiname ist: P1100385.jpg\"\/><\/figure>\n\n\n\n<p>Im Fr\u00fchjahr 2026 finden nun Betriebsratswahlen statt. Das ist, wie alle vier Jahre ein ganz besonderer Moment. Mitten in der Herzkammer des kapitalistischen Wirtschaftens k\u00f6nnen die Besch\u00e4ftigten als handelnde Subjekte ihrer Interessen eine Vertretung w\u00e4hlen, die ihre Interessen im Sinne einer repr\u00e4sentativen Demokratie wahrnimmt.<\/p>\n\n\n\n<p>Betriebsratswahlen und Betriebsratsgremien sind seit vielen Jahrzehnten etabliert, aber sie stehen immer unter Druck. Denn sie stehen f\u00fcr die Besch\u00e4ftigten als Menschen mit menschlichen Interessen ein und eben nicht f\u00fcr eine Optimierung der Verwertungsbedingungen und das passt nat\u00fcrlich den Verfechtern einer \u201efreien\u201c Marktwirtschaft gar nicht.<\/p>\n\n\n\n<p>In Zeiten wie diesen, wo diese freien Marktwirtschaftler mit Rechtspopulisten und Klimaleugnern, mit Rassisten und manchmal auch Faschisten gemeinsame Sache machen und gerade in vielen L\u00e4ndern schon Regierungen stellen, sind deshalb die Betriebsratswahlen 2026 ein wichtiges Zeichen f\u00fcr eine demokratische Gesellschaft, die sich dem Diktat der \u00d6konomie nicht beugt, die f\u00fcr Freiheit, Gleichheit und Solidarit\u00e4t steht und die Zukunft enkelsicher gestalten will.<\/p>\n\n\n\n<p><strong>Geht deshalb w\u00e4hlen!<br>W\u00e4hlt die Listen der DGB-Gewerkschaften!\u00a0 <\/strong>\u00a0\u00a0\u00a0\u00a0\u00a0\u00a0\u00a0<\/p>\n","protected":false},"excerpt":{"rendered":"<p>Die Betriebe sind Orte des Wirtschaftens, und in dem Gesellschaftssystem in dem wir leben, sind es eben Orte des kapitalistischen Wirtschaftens. Dieses System zeichnet sich durch die Freiheit aus, durch die Ausbeutung anderer und die Aneignung deren Arbeit Wohlstand anzuh\u00e4ufen. &hellip; <a href=\"https:\/\/das-richtige-im-falschen.de\/?p=1121\">Weiterlesen <span class=\"meta-nav\">&rarr;<\/span><\/a><\/p>\n","protected":false},"author":1,"featured_media":1126,"comment_status":"open","ping_status":"open","sticky":false,"template":"","format":"standard","meta":{"footnotes":""},"categories":[3],"tags":[],"class_list":["post-1121","post","type-post","status-publish","format-standard","has-post-thumbnail","hentry","category-die-grosse-transformation-postfossile-zeiten"],"jetpack_featured_media_url":"https:\/\/das-richtige-im-falschen.de\/wp-content\/uploads\/2026\/01\/P1100385.jpg","_links":{"self":[{"href":"https:\/\/das-richtige-im-falschen.de\/index.php?rest_route=\/wp\/v2\/posts\/1121","targetHints":{"allow":["GET"]}}],"collection":[{"href":"https:\/\/das-richtige-im-falschen.de\/index.php?rest_route=\/wp\/v2\/posts"}],"about":[{"href":"https:\/\/das-richtige-im-falschen.de\/index.php?rest_route=\/wp\/v2\/types\/post"}],"author":[{"embeddable":true,"href":"https:\/\/das-richtige-im-falschen.de\/index.php?rest_route=\/wp\/v2\/users\/1"}],"replies":[{"embeddable":true,"href":"https:\/\/das-richtige-im-falschen.de\/index.php?rest_route=%2Fwp%2Fv2%2Fcomments&post=1121"}],"version-history":[{"count":3,"href":"https:\/\/das-richtige-im-falschen.de\/index.php?rest_route=\/wp\/v2\/posts\/1121\/revisions"}],"predecessor-version":[{"id":1127,"href":"https:\/\/das-richtige-im-falschen.de\/index.php?rest_route=\/wp\/v2\/posts\/1121\/revisions\/1127"}],"wp:featuredmedia":[{"embeddable":true,"href":"https:\/\/das-richtige-im-falschen.de\/index.php?rest_route=\/wp\/v2\/media\/1126"}],"wp:attachment":[{"href":"https:\/\/das-richtige-im-falschen.de\/index.php?rest_route=%2Fwp%2Fv2%2Fmedia&parent=1121"}],"wp:term":[{"taxonomy":"category","embeddable":true,"href":"https:\/\/das-richtige-im-falschen.de\/index.php?rest_route=%2Fwp%2Fv2%2Fcategories&post=1121"},{"taxonomy":"post_tag","embeddable":true,"href":"https:\/\/das-richtige-im-falschen.de\/index.php?rest_route=%2Fwp%2Fv2%2Ftags&post=1121"}],"curies":[{"name":"wp","href":"https:\/\/api.w.org\/{rel}","templated":true}]}}