{"id":1117,"date":"2025-04-28T19:11:53","date_gmt":"2025-04-28T17:11:53","guid":{"rendered":"https:\/\/das-richtige-im-falschen.de\/?p=1117"},"modified":"2025-04-28T19:12:56","modified_gmt":"2025-04-28T17:12:56","slug":"ein-ganz-persoenlicher-aufruf-zum-1-mai","status":"publish","type":"post","link":"https:\/\/das-richtige-im-falschen.de\/?p=1117","title":{"rendered":"Ein ganz pers\u00f6nlicher Aufruf zum 1. Mai!"},"content":{"rendered":"\n<p>Der Mai ist der letzte Monat des Fr\u00fchlings. Und dann kommt verhei\u00dfungsvoll der Sommer. Auch ein zentrales Lied der Arbeiter*innenbewegung k\u00fcndet davon, dass die \u201eSonn` ohn` Unterlass\u201c scheinen wird, wenn es den Raben und Geiern erst an den Kragen gegangen ist.<\/p>\n\n\n\n<p>Es geht also um Licht, Sonne und W\u00e4rme; ums Nach-Vorne-Schauen und die damit verbundene Hoffnung, dass es besser, wenn nicht sogar gut, wird. Allerdings sieht es derzeit so gar nicht danach aus. Wohin sich der Blick auch richtet, zeigt sich Krisenstimmung und eine r\u00fcckw\u00e4rtsgewandte Zeitenwende. Was leider kaum noch gesehen wird, sind die Herausforderungen von Klimawandel und Ressourcenverf\u00fcgbarkeit. Dabei w\u00e4re das der Dreh- und Angelpunkt, um \u00fcber eine Gesellschaft nachzudenken, in der wir leben wollen.<br>Leider ist das derzeit eher Gegenstand der Diskussion im \u00dcberbau, als dass es ein Thema operativer Basisarbeit in allen Bereichen w\u00e4re.<\/p>\n\n\n\n<p>Aber wir waren mit rund einer Million Menschen auf der Stra\u00dfe, um gegen Rechts und f\u00fcr<br>die Republik zu demonstrieren. Die IG Metall hat mehr als 80.000 Menschen mobilisieren k\u00f6nnen, die f\u00fcr eine sozial-\u00f6kologische Industriepolitik demonstriert haben. Und an vielen Orten, in vielen Betrieben und auf vielen Pl\u00e4tzen hat sich die Zivilgesellschaft zu vielen anderen Themen positioniert.<\/p>\n\n\n\n<p>Der erste Mai steht f\u00fcr diese inhaltliche Breite, weil er schon immer f\u00fcr die Fragen sozialer Gerechtigkeit in Gesellschaft und Betrieb genauso gestanden hat, wie f\u00fcr den Kampf gegen Rechts und f\u00fcr eine fortschrittliche Politik in eine bessere Zukunft. Und in Zeiten wie diesen,<br>ist es ganz bestimmt nicht nur der Kampftag der Arbeiter*innenklasse, sondern eben aller Menschen guten Willens, egal ob Sie Lohn oder Gehalt beziehen, Honorarforderungen oder Rechnungen stellen oder B\u00fcrgergeld beanspruchen m\u00fcssen. Egal ob ihr inhaltlicher Zugang \u00fcber die Arbeitswelt, die Umwelt- und Klimabewegung oder den Antifaschismus kommt.<\/p>\n\n\n\n<p>Deshalb fordere ich alle auf, sich an den lokalen Aktionen der DGB-Gewerkschaften und anderer Gruppen zu beteiligen. Geht hin, auch wenn es langweilig ist. Nehmt eure Fahnen, Transparente und Schilder mit. Zeigt die Vielfalt der Menschen und Organisationen, die f\u00fcr eine bessere Zukunft streiten. Zeigt, wie viele wir sind und zeigen wir auch, dass der Fortschritt auf unserer Seite ist!<\/p>\n\n\n\n<p>Bildet rote und bunte 1. Mai-Banden! &nbsp;&nbsp;&nbsp;&nbsp;<\/p>\n","protected":false},"excerpt":{"rendered":"<p>Der Mai ist der letzte Monat des Fr\u00fchlings. Und dann kommt verhei\u00dfungsvoll der Sommer. Auch ein zentrales Lied der Arbeiter*innenbewegung k\u00fcndet davon, dass die \u201eSonn` ohn` Unterlass\u201c scheinen wird, wenn es den Raben und Geiern erst an den Kragen gegangen &hellip; <a href=\"https:\/\/das-richtige-im-falschen.de\/?p=1117\">Weiterlesen <span class=\"meta-nav\">&rarr;<\/span><\/a><\/p>\n","protected":false},"author":1,"featured_media":0,"comment_status":"open","ping_status":"open","sticky":false,"template":"","format":"standard","meta":{"footnotes":""},"categories":[3],"tags":[],"class_list":["post-1117","post","type-post","status-publish","format-standard","hentry","category-die-grosse-transformation-postfossile-zeiten"],"jetpack_featured_media_url":"","_links":{"self":[{"href":"https:\/\/das-richtige-im-falschen.de\/index.php?rest_route=\/wp\/v2\/posts\/1117","targetHints":{"allow":["GET"]}}],"collection":[{"href":"https:\/\/das-richtige-im-falschen.de\/index.php?rest_route=\/wp\/v2\/posts"}],"about":[{"href":"https:\/\/das-richtige-im-falschen.de\/index.php?rest_route=\/wp\/v2\/types\/post"}],"author":[{"embeddable":true,"href":"https:\/\/das-richtige-im-falschen.de\/index.php?rest_route=\/wp\/v2\/users\/1"}],"replies":[{"embeddable":true,"href":"https:\/\/das-richtige-im-falschen.de\/index.php?rest_route=%2Fwp%2Fv2%2Fcomments&post=1117"}],"version-history":[{"count":1,"href":"https:\/\/das-richtige-im-falschen.de\/index.php?rest_route=\/wp\/v2\/posts\/1117\/revisions"}],"predecessor-version":[{"id":1118,"href":"https:\/\/das-richtige-im-falschen.de\/index.php?rest_route=\/wp\/v2\/posts\/1117\/revisions\/1118"}],"wp:attachment":[{"href":"https:\/\/das-richtige-im-falschen.de\/index.php?rest_route=%2Fwp%2Fv2%2Fmedia&parent=1117"}],"wp:term":[{"taxonomy":"category","embeddable":true,"href":"https:\/\/das-richtige-im-falschen.de\/index.php?rest_route=%2Fwp%2Fv2%2Fcategories&post=1117"},{"taxonomy":"post_tag","embeddable":true,"href":"https:\/\/das-richtige-im-falschen.de\/index.php?rest_route=%2Fwp%2Fv2%2Ftags&post=1117"}],"curies":[{"name":"wp","href":"https:\/\/api.w.org\/{rel}","templated":true}]}}